{"id":1193,"date":"2016-10-10T11:20:07","date_gmt":"2016-10-10T16:20:07","guid":{"rendered":"http:\/\/td_uid_59_59bf1f4707ac0"},"modified":"2017-10-19T16:42:38","modified_gmt":"2017-10-19T21:42:38","slug":"cano_cristales_en_la_macarena","status":"publish","type":"post","link":"https:\/\/www.colombiatudestino.com\/viajes\/cano_cristales_en_la_macarena\/","title":{"rendered":"Ca\u00f1o Cristales un sue\u00f1o cumplido"},"content":{"rendered":"<h2>Primer d\u00eda en La Macarena : Tour por Ca\u00f1o Cristalito<\/h2>\n<p>Durante tres a\u00f1os planeamos viajar a Ca\u00f1o Cristales, por diversas razones siempre se nos presentaron asuntos que atender, hasta que en 2016 mi esposa decidi\u00f3 reservar los vuelos a la Macarena y en Octubre de este a\u00f1o se cumpli\u00f3 ese gran sue\u00f1o.<\/p>\n<blockquote><p>\u00abCA\u00d1O CRISTALES ES UN DESTINO \u00daNICO, MARAVILLOSO, DONDE SE RESPIRA PAZ\u00bb<\/p><\/blockquote>\n<p>Tomamos un vuelo en Bogot\u00e1 de Satena en un peque\u00f1o avi\u00f3n para 32 personas, el tiempo de vuelo aprox 50 minutos, ten\u00edamos gran expectativa por conocer el municipio de La Macarena, el cual por muchos a\u00f1os fue epicentro del conflicto armado en Colombia. Al llegar al aeropuerto y bajar del avi\u00f3n nos recibi\u00f3 un caluroso clima que promedia los 30\u00baC, es un aeropuerto peque\u00f1o y la poblaci\u00f3n en este municipio est\u00e1 alrededor de lo 32.000 habitantes. All\u00ed nos esperaba nuestro gu\u00eda quien nos acompa\u00f1ar\u00eda en los siguientes tres d\u00edas.<\/p>\n<figure id=\"attachment_1412\" aria-describedby=\"caption-attachment-1412\" style=\"width: 696px\" class=\"wp-caption alignnone\"><img loading=\"lazy\" class=\"wp-image-1412 size-large\" title=\"Vuelos a la Macarena\" src=\"https:\/\/www.colombiatudestino.com\/viajes\/wp-content\/uploads\/2017\/10\/satena-1024x768.jpg\" alt=\"\" width=\"696\" height=\"522\" srcset=\"https:\/\/www.colombiatudestino.com\/viajes\/wp-content\/uploads\/2017\/10\/satena-1024x768.jpg 1024w, https:\/\/www.colombiatudestino.com\/viajes\/wp-content\/uploads\/2017\/10\/satena-300x225.jpg 300w, https:\/\/www.colombiatudestino.com\/viajes\/wp-content\/uploads\/2017\/10\/satena-768x576.jpg 768w, https:\/\/www.colombiatudestino.com\/viajes\/wp-content\/uploads\/2017\/10\/satena-80x60.jpg 80w, https:\/\/www.colombiatudestino.com\/viajes\/wp-content\/uploads\/2017\/10\/satena-265x198.jpg 265w, https:\/\/www.colombiatudestino.com\/viajes\/wp-content\/uploads\/2017\/10\/satena-696x522.jpg 696w, https:\/\/www.colombiatudestino.com\/viajes\/wp-content\/uploads\/2017\/10\/satena-1068x801.jpg 1068w, https:\/\/www.colombiatudestino.com\/viajes\/wp-content\/uploads\/2017\/10\/satena-560x420.jpg 560w, https:\/\/www.colombiatudestino.com\/viajes\/wp-content\/uploads\/2017\/10\/satena.jpg 1070w\" sizes=\"(max-width: 696px) 100vw, 696px\" \/><figcaption id=\"caption-attachment-1412\" class=\"wp-caption-text\">Vuelo de Satena para la Macarena<\/figcaption><\/figure>\n<h3>En la Macarena<\/h3>\n<p>La poblaci\u00f3n de La Macarena es un municipio del departamento del Meta, est\u00e1 ubicado en La Sierra de La Macarena, gran parte de su territorio esta protegido por pertenecer a Parques Nacionales de Colombia. Su gente es amable y servicial, en sus calles se ve much\u00edsimo comercio y tiendas que abastecen los municipios cercanos.<\/p>\n<figure id=\"attachment_1420\" aria-describedby=\"caption-attachment-1420\" style=\"width: 696px\" class=\"wp-caption alignnone\"><img loading=\"lazy\" class=\"wp-image-1420 size-large\" title=\"Municipio de La Macarena - Ca\u00f1o Cristales\" src=\"https:\/\/www.colombiatudestino.com\/viajes\/wp-content\/uploads\/2016\/10\/lamacarena_parque_principal-1024x768.jpg\" alt=\"Parque municipio de La Macarena\" width=\"696\" height=\"522\" srcset=\"https:\/\/www.colombiatudestino.com\/viajes\/wp-content\/uploads\/2016\/10\/lamacarena_parque_principal-1024x768.jpg 1024w, https:\/\/www.colombiatudestino.com\/viajes\/wp-content\/uploads\/2016\/10\/lamacarena_parque_principal-300x225.jpg 300w, https:\/\/www.colombiatudestino.com\/viajes\/wp-content\/uploads\/2016\/10\/lamacarena_parque_principal-768x576.jpg 768w, https:\/\/www.colombiatudestino.com\/viajes\/wp-content\/uploads\/2016\/10\/lamacarena_parque_principal-80x60.jpg 80w, https:\/\/www.colombiatudestino.com\/viajes\/wp-content\/uploads\/2016\/10\/lamacarena_parque_principal-265x198.jpg 265w, https:\/\/www.colombiatudestino.com\/viajes\/wp-content\/uploads\/2016\/10\/lamacarena_parque_principal-696x522.jpg 696w, https:\/\/www.colombiatudestino.com\/viajes\/wp-content\/uploads\/2016\/10\/lamacarena_parque_principal-1068x801.jpg 1068w, https:\/\/www.colombiatudestino.com\/viajes\/wp-content\/uploads\/2016\/10\/lamacarena_parque_principal-560x420.jpg 560w, https:\/\/www.colombiatudestino.com\/viajes\/wp-content\/uploads\/2016\/10\/lamacarena_parque_principal.jpg 1070w\" sizes=\"(max-width: 696px) 100vw, 696px\" \/><figcaption id=\"caption-attachment-1420\" class=\"wp-caption-text\">La Macarena &#8211; Meta<\/figcaption><\/figure>\n<p>Para la fecha en que viajamos debimos comprar Sim card del operador Claro, ya que los otros operadores no tienen cobertura en el Municipio.<\/p>\n<p>Saliendo del aeropuerto tomamos un trasporte local que nos llevo a la oficina de Parques Nacionales donde todo visitante debe asistir a una corta charla donde se explican las caracter\u00edsticas del parque, las reglas y las recomendaciones que se deben tener en cuenta al ingresar a la zona del Parque Nacional.<\/p>\n<p><img loading=\"lazy\" class=\"size-medium wp-image-1410 alignleft\" src=\"https:\/\/www.colombiatudestino.com\/viajes\/wp-content\/uploads\/2017\/10\/hotel_lamacarena1-225x300.jpg\" alt=\"\" width=\"225\" height=\"300\" srcset=\"https:\/\/www.colombiatudestino.com\/viajes\/wp-content\/uploads\/2017\/10\/hotel_lamacarena1-225x300.jpg 225w, https:\/\/www.colombiatudestino.com\/viajes\/wp-content\/uploads\/2017\/10\/hotel_lamacarena1-768x1024.jpg 768w, https:\/\/www.colombiatudestino.com\/viajes\/wp-content\/uploads\/2017\/10\/hotel_lamacarena1-696x927.jpg 696w, https:\/\/www.colombiatudestino.com\/viajes\/wp-content\/uploads\/2017\/10\/hotel_lamacarena1-315x420.jpg 315w, https:\/\/www.colombiatudestino.com\/viajes\/wp-content\/uploads\/2017\/10\/hotel_lamacarena1.jpg 803w\" sizes=\"(max-width: 225px) 100vw, 225px\" \/><\/p>\n<p>Despu\u00e9s de esta charla tomamos el transporte hacia el hotel unos 5 minutos, la verdad todo en el municipio est\u00e1 muy cerca.\u00a0 El hotel sencillo muy confortable, las habitaciones con ba\u00f1o independiente y ventilador.<\/p>\n<p>El hotel cuenta con servicio de restaurante en el cual se toman los desayunos y la cena. El plato t\u00edpico de la regi\u00f3n es a base de pescado, ya que la poblaci\u00f3n est\u00e1 en la rivera del R\u00edo Guayabero.<\/p>\n<p>&nbsp;<\/p>\n<blockquote><p>\u00abEl rio m\u00e1s hermoso que he conocido : ca\u00f1o cristales\u00bb<\/p><\/blockquote>\n<p>Despu\u00e9s de almorzar en el hotel nos alistamos para salir a nuestro primer tour y encuentro con el hermoso ca\u00f1o cristales.<\/p>\n<figure id=\"attachment_1407\" aria-describedby=\"caption-attachment-1407\" style=\"width: 696px\" class=\"wp-caption alignnone\"><img loading=\"lazy\" class=\"wp-image-1407 size-large\" title=\"Recorrido por El R\u00edo Guayabero para Ca\u00f1o Cristales\" src=\"https:\/\/www.colombiatudestino.com\/viajes\/wp-content\/uploads\/2017\/10\/rio_guayabero-1024x768.jpg\" alt=\"Recorrido por el R\u00edo Guayabero\" width=\"696\" height=\"522\" srcset=\"https:\/\/www.colombiatudestino.com\/viajes\/wp-content\/uploads\/2017\/10\/rio_guayabero-1024x768.jpg 1024w, https:\/\/www.colombiatudestino.com\/viajes\/wp-content\/uploads\/2017\/10\/rio_guayabero-300x225.jpg 300w, https:\/\/www.colombiatudestino.com\/viajes\/wp-content\/uploads\/2017\/10\/rio_guayabero-768x576.jpg 768w, https:\/\/www.colombiatudestino.com\/viajes\/wp-content\/uploads\/2017\/10\/rio_guayabero-80x60.jpg 80w, https:\/\/www.colombiatudestino.com\/viajes\/wp-content\/uploads\/2017\/10\/rio_guayabero-265x198.jpg 265w, https:\/\/www.colombiatudestino.com\/viajes\/wp-content\/uploads\/2017\/10\/rio_guayabero-696x522.jpg 696w, https:\/\/www.colombiatudestino.com\/viajes\/wp-content\/uploads\/2017\/10\/rio_guayabero-1068x801.jpg 1068w, https:\/\/www.colombiatudestino.com\/viajes\/wp-content\/uploads\/2017\/10\/rio_guayabero-560x420.jpg 560w, https:\/\/www.colombiatudestino.com\/viajes\/wp-content\/uploads\/2017\/10\/rio_guayabero.jpg 1070w\" sizes=\"(max-width: 696px) 100vw, 696px\" \/><figcaption id=\"caption-attachment-1407\" class=\"wp-caption-text\">R\u00edo Guayabero &#8211; La Macarena<\/figcaption><\/figure>\n<h2>Iniciando el primer d\u00eda de caminata<\/h2>\n<p>Para llegar a Ca\u00f1o Cristales salimos del hotel caminando unos cuatrocientos metros hasta el embarcadero a orillas del r\u00edo Guayabero, all\u00ed tomamos una canoa con motor durante 5 minutos por el R\u00edo Guayavero, al desembarcar los funcionarios de Parques Nacionales realizan inspecci\u00f3n de todo el equipaje, all\u00ed se verifica que no se lleven botellas pl\u00e1sticas, repelentes, bloqueadores solares y otras sustancias que puedan colocar en riesgo la flora y fauna. En este punto nos esperaban en camionetas 4&#215;4, recorrimos unos 25 minutos en carro, al terminar este recorrido inici\u00f3 nuestra caminata por el Parque Nacional.<\/p>\n<figure id=\"attachment_1411\" aria-describedby=\"caption-attachment-1411\" style=\"width: 696px\" class=\"wp-caption alignnone\"><img loading=\"lazy\" class=\"wp-image-1411 size-large\" title=\"Camina por el Parque Nacional Natural Serran\u00eda de La Macarena en Ca\u00f1o Cristales\" src=\"https:\/\/www.colombiatudestino.com\/viajes\/wp-content\/uploads\/2017\/10\/treckking__la_marena-1024x768.jpg\" alt=\"\" width=\"696\" height=\"522\" srcset=\"https:\/\/www.colombiatudestino.com\/viajes\/wp-content\/uploads\/2017\/10\/treckking__la_marena-1024x768.jpg 1024w, https:\/\/www.colombiatudestino.com\/viajes\/wp-content\/uploads\/2017\/10\/treckking__la_marena-300x225.jpg 300w, https:\/\/www.colombiatudestino.com\/viajes\/wp-content\/uploads\/2017\/10\/treckking__la_marena-768x576.jpg 768w, https:\/\/www.colombiatudestino.com\/viajes\/wp-content\/uploads\/2017\/10\/treckking__la_marena-80x60.jpg 80w, https:\/\/www.colombiatudestino.com\/viajes\/wp-content\/uploads\/2017\/10\/treckking__la_marena-265x198.jpg 265w, https:\/\/www.colombiatudestino.com\/viajes\/wp-content\/uploads\/2017\/10\/treckking__la_marena-696x522.jpg 696w, https:\/\/www.colombiatudestino.com\/viajes\/wp-content\/uploads\/2017\/10\/treckking__la_marena-1068x801.jpg 1068w, https:\/\/www.colombiatudestino.com\/viajes\/wp-content\/uploads\/2017\/10\/treckking__la_marena-560x420.jpg 560w, https:\/\/www.colombiatudestino.com\/viajes\/wp-content\/uploads\/2017\/10\/treckking__la_marena.jpg 1070w\" sizes=\"(max-width: 696px) 100vw, 696px\" \/><figcaption id=\"caption-attachment-1411\" class=\"wp-caption-text\">Trekking Parque Nacional Natural Serrania de La Macarena<\/figcaption><\/figure>\n<p>El sendero se recorre siempre en compa\u00f1\u00eda del gu\u00eda local, se debe llevar ropa adecuada para protecci\u00f3n del sol y de r\u00e1pido secado, zapatillas adecuadas para trekking y un termo con agua.<\/p>\n<figure id=\"attachment_1419\" aria-describedby=\"caption-attachment-1419\" style=\"width: 696px\" class=\"wp-caption alignnone\"><img loading=\"lazy\" class=\"wp-image-1419 size-large\" title=\"Ca\u00f1o Cristales\" src=\"https:\/\/www.colombiatudestino.com\/viajes\/wp-content\/uploads\/2016\/10\/cristalito-1024x768.jpg\" alt=\"Ca\u00f1o Cristalito\" width=\"696\" height=\"522\" srcset=\"https:\/\/www.colombiatudestino.com\/viajes\/wp-content\/uploads\/2016\/10\/cristalito-1024x768.jpg 1024w, https:\/\/www.colombiatudestino.com\/viajes\/wp-content\/uploads\/2016\/10\/cristalito-300x225.jpg 300w, https:\/\/www.colombiatudestino.com\/viajes\/wp-content\/uploads\/2016\/10\/cristalito-768x576.jpg 768w, https:\/\/www.colombiatudestino.com\/viajes\/wp-content\/uploads\/2016\/10\/cristalito-80x60.jpg 80w, https:\/\/www.colombiatudestino.com\/viajes\/wp-content\/uploads\/2016\/10\/cristalito-265x198.jpg 265w, https:\/\/www.colombiatudestino.com\/viajes\/wp-content\/uploads\/2016\/10\/cristalito-696x522.jpg 696w, https:\/\/www.colombiatudestino.com\/viajes\/wp-content\/uploads\/2016\/10\/cristalito-1068x801.jpg 1068w, https:\/\/www.colombiatudestino.com\/viajes\/wp-content\/uploads\/2016\/10\/cristalito-560x420.jpg 560w, https:\/\/www.colombiatudestino.com\/viajes\/wp-content\/uploads\/2016\/10\/cristalito.jpg 1070w\" sizes=\"(max-width: 696px) 100vw, 696px\" \/><figcaption id=\"caption-attachment-1419\" class=\"wp-caption-text\">El r\u00edo de los colores m\u00e1s hermosos.<\/figcaption><\/figure>\n<p>Caminamos durante 45 minutos hasta llegar a la primer fuente de agua, la quebrada Cristalito, fue un momento m\u00e1gico al ver el color del fondo del riachuelo, es tranquilizante sentarse a escuchar correr el agua y contemplar las diferentes tonalidades que se forman en el lecho, luego el gu\u00eda nos indico en que zona pod\u00edamos ba\u00f1arnos sin afectar la flora del R\u00edo.<\/p>\n<p>&nbsp;<\/p>\n<p>&nbsp;<\/p>\n","protected":false},"excerpt":{"rendered":"<p>Primer d\u00eda en La Macarena : Tour por Ca\u00f1o Cristalito Durante tres a\u00f1os planeamos viajar a Ca\u00f1o Cristales, por diversas razones siempre se nos presentaron asuntos que atender, hasta que en 2016 mi esposa decidi\u00f3 reservar los vuelos a la Macarena y en Octubre de este a\u00f1o se cumpli\u00f3 ese gran sue\u00f1o. \u00abCA\u00d1O CRISTALES ES [&hellip;]<\/p>\n","protected":false},"author":2,"featured_media":1380,"comment_status":"open","ping_status":"open","sticky":false,"template":"","format":"standard","meta":[],"categories":[155],"tags":[],"_links":{"self":[{"href":"https:\/\/www.colombiatudestino.com\/viajes\/wp-json\/wp\/v2\/posts\/1193"}],"collection":[{"href":"https:\/\/www.colombiatudestino.com\/viajes\/wp-json\/wp\/v2\/posts"}],"about":[{"href":"https:\/\/www.colombiatudestino.com\/viajes\/wp-json\/wp\/v2\/types\/post"}],"author":[{"embeddable":true,"href":"https:\/\/www.colombiatudestino.com\/viajes\/wp-json\/wp\/v2\/users\/2"}],"replies":[{"embeddable":true,"href":"https:\/\/www.colombiatudestino.com\/viajes\/wp-json\/wp\/v2\/comments?post=1193"}],"version-history":[{"count":15,"href":"https:\/\/www.colombiatudestino.com\/viajes\/wp-json\/wp\/v2\/posts\/1193\/revisions"}],"predecessor-version":[{"id":1424,"href":"https:\/\/www.colombiatudestino.com\/viajes\/wp-json\/wp\/v2\/posts\/1193\/revisions\/1424"}],"wp:featuredmedia":[{"embeddable":true,"href":"https:\/\/www.colombiatudestino.com\/viajes\/wp-json\/wp\/v2\/media\/1380"}],"wp:attachment":[{"href":"https:\/\/www.colombiatudestino.com\/viajes\/wp-json\/wp\/v2\/media?parent=1193"}],"wp:term":[{"taxonomy":"category","embeddable":true,"href":"https:\/\/www.colombiatudestino.com\/viajes\/wp-json\/wp\/v2\/categories?post=1193"},{"taxonomy":"post_tag","embeddable":true,"href":"https:\/\/www.colombiatudestino.com\/viajes\/wp-json\/wp\/v2\/tags?post=1193"}],"curies":[{"name":"wp","href":"https:\/\/api.w.org\/{rel}","templated":true}]}}